{"id":95,"date":"2012-03-13T13:56:21","date_gmt":"2012-03-13T12:56:21","guid":{"rendered":"http:\/\/www.fpb-nahe-hunsrueck.de\/?p=95"},"modified":"2012-03-15T12:40:17","modified_gmt":"2012-03-15T11:40:17","slug":"neues-forum-will-uberparteilich-sein","status":"publish","type":"post","link":"http:\/\/www.fpb-nahe-hunsrueck.de\/?p=95","title":{"rendered":"Neues Forum will \u00fcberparteilich sein"},"content":{"rendered":"<h2><strong><span class=\"Apple-style-span\" style=\"line-height: 19px; font-size: small;\">Holger M\u00fcller zum Gesch\u00e4ftsf\u00fchrer gew\u00e4hlt\u2028\u2028<\/span><\/strong><\/h2>\n<p style=\"text-align: justify;\" align=\"LEFT\"><span style=\"color: #262626;\"><span style=\"font-family: ArialMT, sans-serif;\"><span style=\"font-size: small;\">KREIS BIRKENFELD. Die politische Bildung in der Region zu st\u00e4rken, ist das erkl\u00e4rte Ziel des neu gegr\u00fcndeten &#8222;Forum Politische Bildung Nahe-Hunsr\u00fcck&#8220; mit Sitz in Idar-Oberstein. Neben Seminaren und Vortr\u00e4gen zu politischen, sozialen, \u00f6konomischen sowie historischen Themen will das \u00fcberparteiliche Forum auch Exkursionen anbieten.<br \/>\nMit Dr. Dieter Schiffmann, Direktor der Landeszentrale f\u00fcr politische Bildung Rheinland-Pfalz, konnte ein kompetenter Referent f\u00fcr die Gr\u00fcndungsveranstaltung in Monzingen gewonnen werden. Er skizzierte in seinem Vortrag die Herausforderungen der politischen Bildungsarbeit. Dabei setzte sich Dr. Schiffmann intensiv mit der Politikverdrossenheit und dem Rechtsextremismus auseinander. &#8222;Das Ziel unserer politischen Bildungsarbeit muss der kritische, informierte und engagierte B\u00fcrger sein&#8220;, stellte Schiffmann in seinem Referat heraus.<br \/>\nNach der Vereinsgr\u00fcndung und der Verabschiedung der Satzung folgte die Vorstandswahl, bei der Denis Alt, Diplom-Volkswirt aus Monzingen, einstimmig zum Vorsitzenden gew\u00e4hlt wurde. Als Stellvertreter wurden Robert Freisberg und Marcus Heintel (Morbach) bestimmt. Gesch\u00e4ftsf\u00fchrer des Vereins ist Holger M\u00fcller (Hoppst\u00e4dten-Weiersbach), als Jugendbildungsreferent fungiert Michael Simon. Dem Vorstand geh\u00f6ren weiterhin Claus Hoffmann und Eva-Maria Conrad an. Revisoren sind Matthias Bachmann, Holger No\u00df und Karsten Klein.<br \/>\nIn seinem Schlusswort betonte Denis Alt, der im Mainzer Finanzministerium t\u00e4tig ist, dass die Auseinandersetzung mit jeder Form von Extremismus und Fundamentalismus zu den zentralen Anliegen des Vereins geh\u00f6re, der konsequent den Werten der Aufkl\u00e4rung und des Humanismus verpflichtet f\u00fchle.<br \/>\nEin besonderer Dank des Vorsitzenden galt Norbert Geidies, dem Gesch\u00e4ftsf\u00fchrer des Heinz-K\u00fchn-Bildungswerks in Dortmund, der die Vereinsgr\u00fcndung in den vergangenen Wochen mit Rat und Tat unterst\u00fctzt hatte.\u2028\u2028&#8220;Ein wichtiges Anliegen des Vereins wird auch die Kooperation mit anderen Organisationen sein, die sich um politische Bildungsarbeit bem\u00fchen&#8220;, so Denis Alt.\u2028\u2028<\/span><\/span><\/span><\/p>\n<p style=\"text-align: justify;\"><span style=\"color: #262626;\"><span style=\"font-family: ArialMT, sans-serif;\"><span style=\"font-size: small;\"><em>Nahe Zeitung vom 24.11.2006<\/em><\/span><\/span><\/span><\/p>\n","protected":false},"excerpt":{"rendered":"<p>Holger M\u00fcller zum Gesch\u00e4ftsf\u00fchrer gew\u00e4hlt\u2028\u2028 KREIS BIRKENFELD. Die politische Bildung in der Region zu st\u00e4rken, ist das erkl\u00e4rte Ziel des neu gegr\u00fcndeten &#8222;Forum Politische Bildung Nahe-Hunsr\u00fcck&#8220; mit Sitz in Idar-Oberstein. Neben Seminaren und Vortr\u00e4gen zu politischen, sozialen, \u00f6konomischen sowie historischen Themen will das \u00fcberparteiliche Forum auch Exkursionen anbieten. Mit Dr. Dieter Schiffmann, Direktor der Landeszentrale [&hellip;]<\/p>\n","protected":false},"author":1,"featured_media":0,"comment_status":"closed","ping_status":"closed","sticky":false,"template":"","format":"standard","meta":[],"categories":[3],"tags":[],"_links":{"self":[{"href":"http:\/\/www.fpb-nahe-hunsrueck.de\/index.php?rest_route=\/wp\/v2\/posts\/95"}],"collection":[{"href":"http:\/\/www.fpb-nahe-hunsrueck.de\/index.php?rest_route=\/wp\/v2\/posts"}],"about":[{"href":"http:\/\/www.fpb-nahe-hunsrueck.de\/index.php?rest_route=\/wp\/v2\/types\/post"}],"author":[{"embeddable":true,"href":"http:\/\/www.fpb-nahe-hunsrueck.de\/index.php?rest_route=\/wp\/v2\/users\/1"}],"replies":[{"embeddable":true,"href":"http:\/\/www.fpb-nahe-hunsrueck.de\/index.php?rest_route=%2Fwp%2Fv2%2Fcomments&post=95"}],"version-history":[{"count":4,"href":"http:\/\/www.fpb-nahe-hunsrueck.de\/index.php?rest_route=\/wp\/v2\/posts\/95\/revisions"}],"predecessor-version":[{"id":205,"href":"http:\/\/www.fpb-nahe-hunsrueck.de\/index.php?rest_route=\/wp\/v2\/posts\/95\/revisions\/205"}],"wp:attachment":[{"href":"http:\/\/www.fpb-nahe-hunsrueck.de\/index.php?rest_route=%2Fwp%2Fv2%2Fmedia&parent=95"}],"wp:term":[{"taxonomy":"category","embeddable":true,"href":"http:\/\/www.fpb-nahe-hunsrueck.de\/index.php?rest_route=%2Fwp%2Fv2%2Fcategories&post=95"},{"taxonomy":"post_tag","embeddable":true,"href":"http:\/\/www.fpb-nahe-hunsrueck.de\/index.php?rest_route=%2Fwp%2Fv2%2Ftags&post=95"}],"curies":[{"name":"wp","href":"https:\/\/api.w.org\/{rel}","templated":true}]}}