{"id":91,"date":"2012-03-13T13:52:53","date_gmt":"2012-03-13T12:52:53","guid":{"rendered":"http:\/\/www.fpb-nahe-hunsrueck.de\/?p=91"},"modified":"2012-03-15T12:40:33","modified_gmt":"2012-03-15T11:40:33","slug":"%e2%80%a8forum-will-politische-bildung-in-der-region-fordern-denis-alt-zum-vorsitzenden-gewahlt","status":"publish","type":"post","link":"http:\/\/www.fpb-nahe-hunsrueck.de\/?p=91","title":{"rendered":"\u2028&#8220;Forum&#8220; will politische Bildung in der Region f\u00f6rdern &#8211; Denis Alt zum Vorsitzenden gew\u00e4hlt"},"content":{"rendered":"<p style=\"text-align: justify;\" align=\"LEFT\"><span style=\"color: #262626;\"><span style=\"font-family: ArialMT, sans-serif;\"><span style=\"font-size: small;\">Die politische Bildung in der Region zu st\u00e4rken, ist das erkl\u00e4rte Ziel des neu gegr\u00fcndeten \u201eForum Politische Bildung Nahe-Hunsr\u00fcck\u201c. \u2028Neben Seminaren und Vortr\u00e4gen zu politischen, sozialen, \u00f6konomischen sowie historischen Themen will das \u00fcberparteiliche \u201eForum\u201c auch Exkursionen anbieten.<br \/>\nMit Dr. Dieter Schiffmann, dem Direktor der Landeszentrale f\u00fcr politische Bildung Rheinland-Pfalz, konnte ein kompetenter Referent f\u00fcr die Gr\u00fcndungsveranstaltung gewonnen werden, der in seinem Vortrag die Arbeit der Landeszentrale vorstellte und die Herausforderungen der politischen Bildungsarbeit skizzierte. \u2028Dabei setzte sich Dr. Schiffmann intensiv mit der Politikverdrossenheit und dem Rechtsextremismus auseinander. \u2028\u201eDas Ziel unserer politischen Bildungsarbeit muss der kritische, informierte und engagierte B\u00fcrger sein\u201c, stellte der Historiker Schiffmann in seinem Referat heraus &#8211; eine Intention, die auch Markus Below, VG-B\u00fcrgermeisterkandidat in Bad Sobernheim, ausdr\u00fccklich in seinem Gru\u00dfwort unterstrich.<br \/>\nNach der Vereinsgr\u00fcndung und der Verabschiedung der Satzung folgte die Vorstandswahl, bei der Denis Alt, Diplom-Volkswirt aus Monzingen, einstimmig zum Vorsitzenden gew\u00e4hlt wurde. \u2028Als Stellvertreter wurden Robert Freisberg und Marcus Heintel bestimmt. Gesch\u00e4ftsf\u00fchrer des Vereins ist Holger M\u00fcller, als Jugendbildungsreferent fungiert Michael Simon. Dem Vorstand geh\u00f6ren weiterhin Claus Hoffmann und Eva-Maria Conrad an. Revisoren sind Matthias Bachmann, Holger No\u00df und Karsten Klein.<br \/>\nIn seinem Schlusswort betonte Denis Alt, dass die Auseinandersetzung mit jeder Form von Extremismus und Fundamentalismus zu den zentralen Anliegen des Vereins geh\u00f6re, der konsequent den Werten der Aufkl\u00e4rung und des Humanismus verpflichtet ist.\u2028 Alt selbst, der im Mainzer Finanzministerium t\u00e4tig ist, will sich im Vorstand speziell um die Wirtschafts- und Europapolitik k\u00fcmmern.<br \/>\nEin besonderer Dank des Vorsitzenden galt Norbert Geidies, dem Gesch\u00e4ftsf\u00fchrer des Heinz-K\u00fchn-Bildungswerks in Dortmund, der die Vereinsgr\u00fcndung in den vergangenen Wochen mit Rat und Tat unterst\u00fctzt hatte.\u2028\u201eEin wichtiges Anliegen des Vereins wird auch die Kooperation mit anderen Organisationen sein, die sich um politische Bildungsarbeit bem\u00fchen\u201c, so Denis Alt.\u2028\u2028\u2028\u00a0<\/span><\/span><\/span><\/p>\n<p align=\"LEFT\"><span style=\"color: #262626;\"><span style=\"font-family: ArialMT, sans-serif;\"><span style=\"font-size: small;\"><em>Mittelmosel-Kurier vom 19.10.06<\/em><\/span><\/span><\/span><\/p>\n<p align=\"LEFT\">\n","protected":false},"excerpt":{"rendered":"<p>Die politische Bildung in der Region zu st\u00e4rken, ist das erkl\u00e4rte Ziel des neu gegr\u00fcndeten \u201eForum Politische Bildung Nahe-Hunsr\u00fcck\u201c. \u2028Neben Seminaren und Vortr\u00e4gen zu politischen, sozialen, \u00f6konomischen sowie historischen Themen will das \u00fcberparteiliche \u201eForum\u201c auch Exkursionen anbieten. Mit Dr. Dieter Schiffmann, dem Direktor der Landeszentrale f\u00fcr politische Bildung Rheinland-Pfalz, konnte ein kompetenter Referent f\u00fcr die [&hellip;]<\/p>\n","protected":false},"author":1,"featured_media":0,"comment_status":"closed","ping_status":"closed","sticky":false,"template":"","format":"standard","meta":[],"categories":[3],"tags":[],"_links":{"self":[{"href":"http:\/\/www.fpb-nahe-hunsrueck.de\/index.php?rest_route=\/wp\/v2\/posts\/91"}],"collection":[{"href":"http:\/\/www.fpb-nahe-hunsrueck.de\/index.php?rest_route=\/wp\/v2\/posts"}],"about":[{"href":"http:\/\/www.fpb-nahe-hunsrueck.de\/index.php?rest_route=\/wp\/v2\/types\/post"}],"author":[{"embeddable":true,"href":"http:\/\/www.fpb-nahe-hunsrueck.de\/index.php?rest_route=\/wp\/v2\/users\/1"}],"replies":[{"embeddable":true,"href":"http:\/\/www.fpb-nahe-hunsrueck.de\/index.php?rest_route=%2Fwp%2Fv2%2Fcomments&post=91"}],"version-history":[{"count":5,"href":"http:\/\/www.fpb-nahe-hunsrueck.de\/index.php?rest_route=\/wp\/v2\/posts\/91\/revisions"}],"predecessor-version":[{"id":206,"href":"http:\/\/www.fpb-nahe-hunsrueck.de\/index.php?rest_route=\/wp\/v2\/posts\/91\/revisions\/206"}],"wp:attachment":[{"href":"http:\/\/www.fpb-nahe-hunsrueck.de\/index.php?rest_route=%2Fwp%2Fv2%2Fmedia&parent=91"}],"wp:term":[{"taxonomy":"category","embeddable":true,"href":"http:\/\/www.fpb-nahe-hunsrueck.de\/index.php?rest_route=%2Fwp%2Fv2%2Fcategories&post=91"},{"taxonomy":"post_tag","embeddable":true,"href":"http:\/\/www.fpb-nahe-hunsrueck.de\/index.php?rest_route=%2Fwp%2Fv2%2Ftags&post=91"}],"curies":[{"name":"wp","href":"https:\/\/api.w.org\/{rel}","templated":true}]}}