{"id":291,"date":"2012-08-18T11:38:18","date_gmt":"2012-08-18T10:38:18","guid":{"rendered":"http:\/\/www.fpb-nahe-hunsrueck.de\/?p=291"},"modified":"2012-08-18T11:38:50","modified_gmt":"2012-08-18T10:38:50","slug":"tagesfahrt-die-schum-stadte-worms-und-speyer","status":"publish","type":"post","link":"http:\/\/www.fpb-nahe-hunsrueck.de\/?p=291","title":{"rendered":"&#8222;Die SCHUM-St\u00e4dte Worms und Speyer&#8220; (Tagesfahrt)"},"content":{"rendered":"<p><strong>Termin:<\/strong> Samstag, 8. September 2012<\/p>\n<p>In Kooperation mit dem Heinz-K\u00fchn-Bildungswerk NRW bietet das Forum Politische Bildung Nahe- Hunsr\u00fcck e.V. am <strong>Samstag, 08. September 2012<\/strong> eine Tagesfahrt nach Worms und Speyer an. Dabei steht das j\u00fcdische Erbe dieser beiden SCHUM-St\u00e4dte, die zusammen mit Mainz in die UNESCO- Weltkulturerbeliste aufgenommen werden sollen, und im Mittelalter das geistige und religi\u00f6se Zentrum der Juden darstellten, im Mittelpunkt der Exkursion.<\/p>\n<p><strong>Unser Programm:<br \/>\n<\/strong>07.45 Uhr : Abfahrt Idar-Oberstein (Bahnhof)<br \/>\n08.15 Uhr: Abfahrt Monzingen (Festhalle)<br \/>\n08.40 Uhr : Abfahrt Bad Kreuznach (Bahnhof)<\/p>\n<p>09.30 Uhr : Worms:<br \/>\nF\u00fchrung \u201eJ\u00fcdisches Worms\u201c,<br \/>\nBesichtigung des Raschi-Hauses (Museum),<br \/>\nGespr\u00e4ch mit MdL Jens Guth \u00fcber den UNESCO-Antrag und die Bem\u00fchungen der Stadt und des Landes<br \/>\nZeit zur freien Verf\u00fcgung (ca. 90 Minuten)<\/p>\n<p>16.00 Uhr: Speyer:<br \/>\nF\u00fchrung zum christlichen und j\u00fcdischen Erbe der Stadt<br \/>\nZeit zur freien Verf\u00fcgung ( ca. 90 Minuten)<\/p>\n<p>18.30 Uhr: R\u00fcckfahrt<\/p>\n<p>Der Teilnehmerbeitrag betr\u00e4gt 15,- Euro (erm\u00e4\u00dfigt 10,-Euro).<\/p>\n<p><strong>Anmeldungen:<br \/>\n<\/strong>Denis Alt + Rebecca Ilsen (06751-853543)<br \/>\nHolger M\u00fcller (06782-887673)<br \/>\nMichael Simon (0171-1762333)<br \/>\noder \u2013 bevorzugt \u2013 per Mail: <strong>anmeldung@fpb-nahe-hunsrueck.de<\/strong><\/p>\n","protected":false},"excerpt":{"rendered":"<p>Termin: Samstag, 8. September 2012 In Kooperation mit dem Heinz-K\u00fchn-Bildungswerk NRW bietet das Forum Politische Bildung Nahe- Hunsr\u00fcck e.V. am Samstag, 08. September 2012 eine Tagesfahrt nach Worms und Speyer an. Dabei steht das j\u00fcdische Erbe dieser beiden SCHUM-St\u00e4dte, die zusammen mit Mainz in die UNESCO- Weltkulturerbeliste aufgenommen werden sollen, und im Mittelalter das geistige [&hellip;]<\/p>\n","protected":false},"author":1,"featured_media":0,"comment_status":"closed","ping_status":"closed","sticky":false,"template":"","format":"standard","meta":[],"categories":[1],"tags":[],"_links":{"self":[{"href":"http:\/\/www.fpb-nahe-hunsrueck.de\/index.php?rest_route=\/wp\/v2\/posts\/291"}],"collection":[{"href":"http:\/\/www.fpb-nahe-hunsrueck.de\/index.php?rest_route=\/wp\/v2\/posts"}],"about":[{"href":"http:\/\/www.fpb-nahe-hunsrueck.de\/index.php?rest_route=\/wp\/v2\/types\/post"}],"author":[{"embeddable":true,"href":"http:\/\/www.fpb-nahe-hunsrueck.de\/index.php?rest_route=\/wp\/v2\/users\/1"}],"replies":[{"embeddable":true,"href":"http:\/\/www.fpb-nahe-hunsrueck.de\/index.php?rest_route=%2Fwp%2Fv2%2Fcomments&post=291"}],"version-history":[{"count":3,"href":"http:\/\/www.fpb-nahe-hunsrueck.de\/index.php?rest_route=\/wp\/v2\/posts\/291\/revisions"}],"predecessor-version":[{"id":295,"href":"http:\/\/www.fpb-nahe-hunsrueck.de\/index.php?rest_route=\/wp\/v2\/posts\/291\/revisions\/295"}],"wp:attachment":[{"href":"http:\/\/www.fpb-nahe-hunsrueck.de\/index.php?rest_route=%2Fwp%2Fv2%2Fmedia&parent=291"}],"wp:term":[{"taxonomy":"category","embeddable":true,"href":"http:\/\/www.fpb-nahe-hunsrueck.de\/index.php?rest_route=%2Fwp%2Fv2%2Fcategories&post=291"},{"taxonomy":"post_tag","embeddable":true,"href":"http:\/\/www.fpb-nahe-hunsrueck.de\/index.php?rest_route=%2Fwp%2Fv2%2Ftags&post=291"}],"curies":[{"name":"wp","href":"https:\/\/api.w.org\/{rel}","templated":true}]}}